{"id":3384,"date":"2025-11-10T16:47:23","date_gmt":"2025-11-10T15:47:23","guid":{"rendered":"https:\/\/www.tus-hilter-tischtennis.de\/wp\/?p=3384"},"modified":"2025-11-10T16:47:23","modified_gmt":"2025-11-10T15:47:23","slug":"nachwuchs-elite-des-bezirks-weser-ems-trifft-sich-in-hilter","status":"publish","type":"post","link":"https:\/\/www.tus-hilter-tischtennis.de\/wp\/?p=3384","title":{"rendered":"Nachwuchs-Elite des Bezirks Weser-Ems trifft sich in Hilter"},"content":{"rendered":"<figure id=\"attachment_3385\" aria-describedby=\"caption-attachment-3385\" style=\"width: 300px\" class=\"wp-caption alignright\"><a href=\"http:\/\/www.tus-hilter-tischtennis.de\/wp\/wp-content\/uploads\/2025\/11\/TT-TuSHilter-KM2025-01.11.2025_027.jpg\"><img loading=\"lazy\" decoding=\"async\" class=\"size-medium wp-image-3385\" src=\"http:\/\/www.tus-hilter-tischtennis.de\/wp\/wp-content\/uploads\/2025\/11\/TT-TuSHilter-KM2025-01.11.2025_027-300x200.jpg\" alt=\"\" width=\"300\" height=\"200\" srcset=\"https:\/\/www.tus-hilter-tischtennis.de\/wp\/wp-content\/uploads\/2025\/11\/TT-TuSHilter-KM2025-01.11.2025_027-300x200.jpg 300w, https:\/\/www.tus-hilter-tischtennis.de\/wp\/wp-content\/uploads\/2025\/11\/TT-TuSHilter-KM2025-01.11.2025_027-1024x683.jpg 1024w, https:\/\/www.tus-hilter-tischtennis.de\/wp\/wp-content\/uploads\/2025\/11\/TT-TuSHilter-KM2025-01.11.2025_027-768x512.jpg 768w, https:\/\/www.tus-hilter-tischtennis.de\/wp\/wp-content\/uploads\/2025\/11\/TT-TuSHilter-KM2025-01.11.2025_027-1536x1024.jpg 1536w, https:\/\/www.tus-hilter-tischtennis.de\/wp\/wp-content\/uploads\/2025\/11\/TT-TuSHilter-KM2025-01.11.2025_027-2048x1365.jpg 2048w\" sizes=\"auto, (max-width: 300px) 100vw, 300px\" \/><\/a><figcaption id=\"caption-attachment-3385\" class=\"wp-caption-text\">Tischtennis Bezirksmeisterschaften Weser-Ems Jugend 2025 am 15.\/16.11.2025 in Hilter am Teutoburger Wald<\/figcaption><\/figure>\n<h2 data-start=\"197\" data-end=\"261\">Nachwuchs-Elite des Bezirks Weser-Ems trifft sich in Hilter<\/h2>\n<h3 data-start=\"262\" data-end=\"346\">TuS Hilter richtet Bezirksmeisterschaften der Jugend am 15. und 16. November aus<\/h3>\n<p data-start=\"348\" data-end=\"782\">Kaum ist der letzte Ball der Kreismeisterschaften getropft, steht schon das n\u00e4chste Gro\u00dfereignis in Hilter an: Nur zwei Wochen nach den <strong data-start=\"484\" data-end=\"523\">Kreismeisterschaften Osnabr\u00fcck-Land<\/strong> am 01.\/02. November empf\u00e4ngt der <strong data-start=\"557\" data-end=\"571\">TuS Hilter<\/strong> erneut die Tischtennisjugend \u2013 diesmal aus dem gesamten Bezirk. Am <strong data-start=\"639\" data-end=\"668\">15. und 16. November 2025<\/strong> werden in der <strong data-start=\"683\" data-end=\"708\">Ulrich-Rau-Sporthalle<\/strong> die <strong data-start=\"713\" data-end=\"767\">Bezirksmeisterschaften Weser-Ems der Jugendklassen<\/strong> ausgetragen.<\/p>\n<p data-start=\"784\" data-end=\"1251\">Der TuS Hilter erwartet rund <strong data-start=\"813\" data-end=\"851\">270 Teilnehmerinnen und Teilnehmer<\/strong>, die in acht Altersklassen um Bezirksmeistertitel, Pokale und die begehrten Startpl\u00e4tze f\u00fcr die Landesmeisterschaften k\u00e4mpfen. Veranstalter ist der <strong data-start=\"1000\" data-end=\"1040\">Tischtennis-Bezirksverband Weser-Ems<\/strong>, die <strong data-start=\"1046\" data-end=\"1117\">Gesamtleitung liegt bei Bezirksjugendwart Thomas Bienert (Wittmund)<\/strong>. Die <strong data-start=\"1123\" data-end=\"1166\">Turnierleitung \u00fcbernimmt der TuS Hilter<\/strong>, der sich zuletzt bereits als hervorragend organisierender Gastgeber bewiesen hat.<\/p>\n<p data-start=\"1253\" data-end=\"1458\">Gespielt wird an <strong data-start=\"1270\" data-end=\"1296\">18 DONIC Delhi-Tischen<\/strong> mit **DHS ABS ***-B\u00e4llen nach den aktuellen Regeln des DTTB und TTVN. Die Vorrunde wird in Vierergruppen gespielt, anschlie\u00dfend geht es im K.-o.-System weiter.<\/p>\n<p data-start=\"1460\" data-end=\"1492\"><strong data-start=\"1460\" data-end=\"1490\">Der Zeitplan im \u00dcberblick:<\/strong><\/p>\n<ul data-start=\"1493\" data-end=\"1766\">\n<li data-start=\"1493\" data-end=\"1629\">\n<p data-start=\"1495\" data-end=\"1629\"><strong data-start=\"1495\" data-end=\"1521\">Samstag, 15. November:<\/strong><br data-start=\"1521\" data-end=\"1524\" \/>09:30 Uhr \u2013 Jungen 11<br data-start=\"1547\" data-end=\"1550\" \/>10:30 Uhr \u2013 M\u00e4dchen 11<br data-start=\"1574\" data-end=\"1577\" \/>11:30 Uhr \u2013 Jungen 15<br data-start=\"1600\" data-end=\"1603\" \/>13:00 Uhr \u2013 M\u00e4dchen 15<\/p>\n<\/li>\n<li data-start=\"1630\" data-end=\"1766\">\n<p data-start=\"1632\" data-end=\"1766\"><strong data-start=\"1632\" data-end=\"1658\">Sonntag, 16. November:<\/strong><br data-start=\"1658\" data-end=\"1661\" \/>09:00 Uhr \u2013 Jungen 13<br data-start=\"1684\" data-end=\"1687\" \/>10:30 Uhr \u2013 M\u00e4dchen 13<br data-start=\"1711\" data-end=\"1714\" \/>12:00 Uhr \u2013 Jungen 19<br data-start=\"1737\" data-end=\"1740\" \/>13:00 Uhr \u2013 M\u00e4dchen 19<\/p>\n<\/li>\n<\/ul>\n<p data-start=\"1768\" data-end=\"1923\">Die jeweils <strong data-start=\"1780\" data-end=\"1814\">besten vier jeder Altersklasse<\/strong> (bei M\u00e4dchen 19 und Jungen 11 die besten drei) qualifizieren sich f\u00fcr die <strong data-start=\"1889\" data-end=\"1920\">Landesmeisterschaften (LIM)<\/strong>.<\/p>\n<p data-start=\"1925\" data-end=\"2082\">F\u00fcr das leibliche Wohl sorgt eine gut ausgestattete <strong data-start=\"1977\" data-end=\"1988\">Kantine<\/strong> in der Sporthalle, und auch Zuschauer sind herzlich willkommen \u2013 <strong data-start=\"2054\" data-end=\"2079\">der Eintritt ist frei<\/strong>.<\/p>\n<p data-start=\"2084\" data-end=\"2336\">Der TuS Hilter freut sich darauf, nach dem erfolgreichen Kreis-Turnier nun auch die besten Jugendspielerinnen und -spieler des gesamten Bezirks in Hilter begr\u00fc\u00dfen zu d\u00fcrfen. Spannung, faire Duelle und erstklassiges Jugend-Tischtennis sind garantiert!<\/p>\n","protected":false},"excerpt":{"rendered":"<p>Nachwuchs-Elite des Bezirks Weser-Ems trifft sich in Hilter TuS Hilter richtet Bezirksmeisterschaften der Jugend am 15. und 16. November aus Kaum ist der letzte Ball der Kreismeisterschaften getropft, steht schon das n\u00e4chste Gro\u00dfereignis in Hilter an: Nur zwei Wochen nach den Kreismeisterschaften Osnabr\u00fcck-Land am 01.\/02. November empf\u00e4ngt der TuS Hilter erneut die Tischtennisjugend \u2013 diesmal [&hellip;]<\/p>\n","protected":false},"author":1,"featured_media":3385,"comment_status":"closed","ping_status":"closed","sticky":false,"template":"","format":"standard","meta":{"_exactmetrics_skip_tracking":false,"_exactmetrics_sitenote_active":false,"_exactmetrics_sitenote_note":"","_exactmetrics_sitenote_category":0,"_jetpack_memberships_contains_paid_content":false,"footnotes":"","jetpack_publicize_message":"","jetpack_publicize_feature_enabled":true,"jetpack_social_post_already_shared":true,"jetpack_social_options":{"image_generator_settings":{"template":"highway","default_image_id":0,"font":"","enabled":false},"version":2}},"categories":[1,13],"tags":[58],"class_list":["post-3384","post","type-post","status-publish","format-standard","has-post-thumbnail","hentry","category-news","category-turnierberichte","tag-saison-2025-26"],"jetpack_publicize_connections":[],"jetpack_featured_media_url":"https:\/\/www.tus-hilter-tischtennis.de\/wp\/wp-content\/uploads\/2025\/11\/TT-TuSHilter-KM2025-01.11.2025_027.jpg","jetpack_sharing_enabled":true,"_links":{"self":[{"href":"https:\/\/www.tus-hilter-tischtennis.de\/wp\/index.php?rest_route=\/wp\/v2\/posts\/3384","targetHints":{"allow":["GET"]}}],"collection":[{"href":"https:\/\/www.tus-hilter-tischtennis.de\/wp\/index.php?rest_route=\/wp\/v2\/posts"}],"about":[{"href":"https:\/\/www.tus-hilter-tischtennis.de\/wp\/index.php?rest_route=\/wp\/v2\/types\/post"}],"author":[{"embeddable":true,"href":"https:\/\/www.tus-hilter-tischtennis.de\/wp\/index.php?rest_route=\/wp\/v2\/users\/1"}],"replies":[{"embeddable":true,"href":"https:\/\/www.tus-hilter-tischtennis.de\/wp\/index.php?rest_route=%2Fwp%2Fv2%2Fcomments&post=3384"}],"version-history":[{"count":1,"href":"https:\/\/www.tus-hilter-tischtennis.de\/wp\/index.php?rest_route=\/wp\/v2\/posts\/3384\/revisions"}],"predecessor-version":[{"id":3386,"href":"https:\/\/www.tus-hilter-tischtennis.de\/wp\/index.php?rest_route=\/wp\/v2\/posts\/3384\/revisions\/3386"}],"wp:featuredmedia":[{"embeddable":true,"href":"https:\/\/www.tus-hilter-tischtennis.de\/wp\/index.php?rest_route=\/wp\/v2\/media\/3385"}],"wp:attachment":[{"href":"https:\/\/www.tus-hilter-tischtennis.de\/wp\/index.php?rest_route=%2Fwp%2Fv2%2Fmedia&parent=3384"}],"wp:term":[{"taxonomy":"category","embeddable":true,"href":"https:\/\/www.tus-hilter-tischtennis.de\/wp\/index.php?rest_route=%2Fwp%2Fv2%2Fcategories&post=3384"},{"taxonomy":"post_tag","embeddable":true,"href":"https:\/\/www.tus-hilter-tischtennis.de\/wp\/index.php?rest_route=%2Fwp%2Fv2%2Ftags&post=3384"}],"curies":[{"name":"wp","href":"https:\/\/api.w.org\/{rel}","templated":true}]}}