{"id":3389,"date":"2025-11-17T00:40:12","date_gmt":"2025-11-16T23:40:12","guid":{"rendered":"https:\/\/www.tus-hilter-tischtennis.de\/wp\/?p=3389"},"modified":"2025-11-17T11:46:47","modified_gmt":"2025-11-17T10:46:47","slug":"hochklassige-bezirksmeisterschaften-der-jugend-in-hilter","status":"publish","type":"post","link":"http:\/\/www.tus-hilter-tischtennis.de\/wp\/?p=3389","title":{"rendered":"Hochklassige Bezirksmeisterschaften der Jugend in Hilter"},"content":{"rendered":"<figure id=\"attachment_3390\" aria-describedby=\"caption-attachment-3390\" style=\"width: 300px\" class=\"wp-caption alignright\"><a href=\"http:\/\/www.tus-hilter-tischtennis.de\/wp\/wp-content\/uploads\/2025\/11\/TT-BMJ-Weser-Ems-Jugend-TuSHilter-15.11.2025_0093.jpg\"><img loading=\"lazy\" decoding=\"async\" class=\"size-medium wp-image-3390\" src=\"http:\/\/www.tus-hilter-tischtennis.de\/wp\/wp-content\/uploads\/2025\/11\/TT-BMJ-Weser-Ems-Jugend-TuSHilter-15.11.2025_0093-300x200.jpg\" alt=\"\" width=\"300\" height=\"200\" srcset=\"http:\/\/www.tus-hilter-tischtennis.de\/wp\/wp-content\/uploads\/2025\/11\/TT-BMJ-Weser-Ems-Jugend-TuSHilter-15.11.2025_0093-300x200.jpg 300w, http:\/\/www.tus-hilter-tischtennis.de\/wp\/wp-content\/uploads\/2025\/11\/TT-BMJ-Weser-Ems-Jugend-TuSHilter-15.11.2025_0093-1024x683.jpg 1024w, http:\/\/www.tus-hilter-tischtennis.de\/wp\/wp-content\/uploads\/2025\/11\/TT-BMJ-Weser-Ems-Jugend-TuSHilter-15.11.2025_0093-768x512.jpg 768w, http:\/\/www.tus-hilter-tischtennis.de\/wp\/wp-content\/uploads\/2025\/11\/TT-BMJ-Weser-Ems-Jugend-TuSHilter-15.11.2025_0093-1536x1024.jpg 1536w, http:\/\/www.tus-hilter-tischtennis.de\/wp\/wp-content\/uploads\/2025\/11\/TT-BMJ-Weser-Ems-Jugend-TuSHilter-15.11.2025_0093-2048x1365.jpg 2048w\" sizes=\"auto, (max-width: 300px) 100vw, 300px\" \/><\/a><figcaption id=\"caption-attachment-3390\" class=\"wp-caption-text\">Tischtennis Bezirksmeisterschaften Weser-Ems Jugend am 15.\/16.11.2025 in Hilter a.T.W.<\/figcaption><\/figure>\n<p>Die Ulrich-Rau-Sporthalle in Hilter am Teutoburger Wald war am 15. und 16. November erneut Austragungsort der Bezirksindividualmeisterschaften Weser-Ems der Jugend. Unter der Gesamtleitung von Bezirksjugendwart Thomas Bienert sowie einem erfahrenen Organisationsteam des TuS Hilter erlebten die zahlreichen Zuschauer ein Wochenende voller spannender Duelle und starkem Nachwuchssport.<\/p>\n<p>Insgesamt 279 Spielerinnen und Spieler waren gemeldet \u2013 Es gab nicht all zu viele Absagen. Die meisten Teilnehmer stellte der Kreis Osnabr\u00fcck-Land (71). Auf Vereinsebene lag die TSG Hatten-Sandkrug mit 28 Meldungen vorn, gefolgt vom MTV Jever (25). Der TuS Hilter trat selbst mit 10 Jugendlichen an. Das Turnier endete am Sonntag um 19:50 Uhr mit dem letzten Finale, und bis 21 Uhr war die Sporthalle vollst\u00e4ndig abgebaut \u2013 erneut ein organisatorischer Kraftakt.<\/p>\n<p>Der Samstag geh\u00f6rte den j\u00fcngeren Klassen (Jungen\/M\u00e4dchen 11 und 15), w\u00e4hrend am Sonntag die Altersklassen Jungen\/M\u00e4dchen 13 und 19 hochklassigen Sport boten. Besonders die U19-Wettbewerbe erf\u00fcllten die Erwartungen an spannende Spitzenspiele. Au\u00dfer in den Klassen Jugend 11 und M\u00e4dchen 19 wo der dritte Platz ausgespielt werden musste und sich nur 3 Spieler defintiv f\u00fcr die Landesmeisterschaften qualifizieren, qualifizieren sich in allen anderen Klassen die ersten vier f\u00fcr die Landesmeisterschaften.<\/p>\n<p><a href=\"http:\/\/www.tus-hilter-tischtennis.de\/rankenbachopen\/ergebnisse\/bmj2025\/winners.html\">Ergebnisse der Bezirksmeisterschaften (MKTT-Online)<\/a><\/p>\n<p><a href=\"http:\/\/www.tus-hilter-tischtennis.de\/wp\/wp-content\/uploads\/2025\/11\/Ergebnisse-1.pdf\">Ergebnisse<\/a><\/p>\n<p><a href=\"http:\/\/www.tus-hilter-tischtennis.de\/wp\/wp-content\/uploads\/2025\/11\/Platzierungen-1.pdf\">Platzierungen<\/a><\/p>\n<p><a href=\"http:\/\/www.tus-hilter-tischtennis.de\/wp\/wp-content\/uploads\/2025\/11\/Statistiken-1.pdf\">Statistiken<\/a><\/p>\n<p>Fotos:<br \/>\nTag 1: <a href=\"https:\/\/www.flickr.com\/photos\/tushilter_tt\/albums\/72177720330355750\">https:\/\/www.flickr.com\/photos\/tushilter_tt\/albums\/72177720330355750<\/a><br \/>\nTag 2:\u00a0<a href=\"https:\/\/www.flickr.com\/photos\/tushilter_tt\/albums\/72177720330383218\">https:\/\/www.flickr.com\/photos\/tushilter_tt\/albums\/72177720330383218<\/a><\/p>\n<p><strong>Verwendung der Bezirksmeisterschafts Fotos auf &#8222;flickr&#8220; durch die Spieler, Vereine, Verb\u00e4nde, Trainer, Eltern, etc. ist mit Angabe des Fotografen Holger Straede gestattet!<\/strong><\/p>\n<p><a title=\"2025-11-15-TT-BezirksmeisterschaftenJugend2025-Tag1\" href=\"https:\/\/www.flickr.com\/photos\/tushilter_tt\/albums\/72177720330355750\" data-flickr-embed=\"true\" data-header=\"true\" data-footer=\"true\"><img loading=\"lazy\" decoding=\"async\" class=\"aligncenter\" src=\"https:\/\/live.staticflickr.com\/65535\/54928228226_2014d21f01_n.jpg\" alt=\"2025-11-15-TT-BezirksmeisterschaftenJugend2025-Tag1\" width=\"320\" height=\"240\" \/><\/a><script async src=\"\/\/embedr.flickr.com\/assets\/client-code.js\" charset=\"utf-8\"><\/script><\/p>\n<p><a title=\"2025-11-16-TT-BezirksmeisterschaftenJugend2025-Tag2\" href=\"https:\/\/www.flickr.com\/photos\/tushilter_tt\/albums\/72177720330383218\" data-flickr-embed=\"true\" data-header=\"true\" data-footer=\"true\"><img loading=\"lazy\" decoding=\"async\" class=\"aligncenter\" src=\"https:\/\/live.staticflickr.com\/65535\/54929417728_1840bd9fd0_n.jpg\" alt=\"2025-11-16-TT-BezirksmeisterschaftenJugend2025-Tag2\" width=\"320\" height=\"240\" \/><\/a><script async src=\"\/\/embedr.flickr.com\/assets\/client-code.js\" charset=\"utf-8\"><\/script><\/p>\n","protected":false},"excerpt":{"rendered":"<p>Die Ulrich-Rau-Sporthalle in Hilter am Teutoburger Wald war am 15. und 16. November erneut Austragungsort der Bezirksindividualmeisterschaften Weser-Ems der Jugend. Unter der Gesamtleitung von Bezirksjugendwart Thomas Bienert sowie einem erfahrenen Organisationsteam des TuS Hilter erlebten die zahlreichen Zuschauer ein Wochenende voller spannender Duelle und starkem Nachwuchssport. Insgesamt 279 Spielerinnen und Spieler waren gemeldet \u2013 Es [&hellip;]<\/p>\n","protected":false},"author":1,"featured_media":3390,"comment_status":"closed","ping_status":"closed","sticky":false,"template":"","format":"standard","meta":{"_exactmetrics_skip_tracking":false,"_exactmetrics_sitenote_active":false,"_exactmetrics_sitenote_note":"","_exactmetrics_sitenote_category":0,"_jetpack_memberships_contains_paid_content":false,"footnotes":"","jetpack_publicize_message":"","jetpack_publicize_feature_enabled":true,"jetpack_social_post_already_shared":true,"jetpack_social_options":{"image_generator_settings":{"template":"highway","default_image_id":0,"font":"","enabled":false},"version":2}},"categories":[1,13],"tags":[58],"class_list":["post-3389","post","type-post","status-publish","format-standard","has-post-thumbnail","hentry","category-news","category-turnierberichte","tag-saison-2025-26"],"jetpack_publicize_connections":[],"jetpack_featured_media_url":"http:\/\/www.tus-hilter-tischtennis.de\/wp\/wp-content\/uploads\/2025\/11\/TT-BMJ-Weser-Ems-Jugend-TuSHilter-15.11.2025_0093.jpg","jetpack_sharing_enabled":true,"_links":{"self":[{"href":"http:\/\/www.tus-hilter-tischtennis.de\/wp\/index.php?rest_route=\/wp\/v2\/posts\/3389","targetHints":{"allow":["GET"]}}],"collection":[{"href":"http:\/\/www.tus-hilter-tischtennis.de\/wp\/index.php?rest_route=\/wp\/v2\/posts"}],"about":[{"href":"http:\/\/www.tus-hilter-tischtennis.de\/wp\/index.php?rest_route=\/wp\/v2\/types\/post"}],"author":[{"embeddable":true,"href":"http:\/\/www.tus-hilter-tischtennis.de\/wp\/index.php?rest_route=\/wp\/v2\/users\/1"}],"replies":[{"embeddable":true,"href":"http:\/\/www.tus-hilter-tischtennis.de\/wp\/index.php?rest_route=%2Fwp%2Fv2%2Fcomments&post=3389"}],"version-history":[{"count":4,"href":"http:\/\/www.tus-hilter-tischtennis.de\/wp\/index.php?rest_route=\/wp\/v2\/posts\/3389\/revisions"}],"predecessor-version":[{"id":3397,"href":"http:\/\/www.tus-hilter-tischtennis.de\/wp\/index.php?rest_route=\/wp\/v2\/posts\/3389\/revisions\/3397"}],"wp:featuredmedia":[{"embeddable":true,"href":"http:\/\/www.tus-hilter-tischtennis.de\/wp\/index.php?rest_route=\/wp\/v2\/media\/3390"}],"wp:attachment":[{"href":"http:\/\/www.tus-hilter-tischtennis.de\/wp\/index.php?rest_route=%2Fwp%2Fv2%2Fmedia&parent=3389"}],"wp:term":[{"taxonomy":"category","embeddable":true,"href":"http:\/\/www.tus-hilter-tischtennis.de\/wp\/index.php?rest_route=%2Fwp%2Fv2%2Fcategories&post=3389"},{"taxonomy":"post_tag","embeddable":true,"href":"http:\/\/www.tus-hilter-tischtennis.de\/wp\/index.php?rest_route=%2Fwp%2Fv2%2Ftags&post=3389"}],"curies":[{"name":"wp","href":"https:\/\/api.w.org\/{rel}","templated":true}]}}