{"id":2040,"date":"2023-09-07T21:30:15","date_gmt":"2023-09-07T19:30:15","guid":{"rendered":"https:\/\/www.tus-hilter-tischtennis.de\/wp\/?p=2040"},"modified":"2023-11-15T22:27:51","modified_gmt":"2023-11-15T21:27:51","slug":"tus-hilter-fegt-sf-oesede-vom-tisch-und-feiert-bei-mcdonalds","status":"publish","type":"post","link":"http:\/\/www.tus-hilter-tischtennis.de\/wp\/?p=2040","title":{"rendered":"TuS Hilter fegt SF Oesede vom Tisch und feiert bei McDonald&#8217;s"},"content":{"rendered":"<figure id=\"attachment_2041\" aria-describedby=\"caption-attachment-2041\" style=\"width: 300px\" class=\"wp-caption alignright\"><a href=\"http:\/\/www.tus-hilter-tischtennis.de\/wp\/wp-content\/uploads\/2023\/09\/TTFerienspiele_28.07.2023_0173-Edit.jpg\"><img loading=\"lazy\" decoding=\"async\" class=\"size-medium wp-image-2041\" src=\"http:\/\/www.tus-hilter-tischtennis.de\/wp\/wp-content\/uploads\/2023\/09\/TTFerienspiele_28.07.2023_0173-Edit-300x200.jpg\" alt=\"\" width=\"300\" height=\"200\" srcset=\"http:\/\/www.tus-hilter-tischtennis.de\/wp\/wp-content\/uploads\/2023\/09\/TTFerienspiele_28.07.2023_0173-Edit-300x200.jpg 300w, http:\/\/www.tus-hilter-tischtennis.de\/wp\/wp-content\/uploads\/2023\/09\/TTFerienspiele_28.07.2023_0173-Edit-1024x683.jpg 1024w, http:\/\/www.tus-hilter-tischtennis.de\/wp\/wp-content\/uploads\/2023\/09\/TTFerienspiele_28.07.2023_0173-Edit-768x512.jpg 768w, http:\/\/www.tus-hilter-tischtennis.de\/wp\/wp-content\/uploads\/2023\/09\/TTFerienspiele_28.07.2023_0173-Edit-1536x1024.jpg 1536w, http:\/\/www.tus-hilter-tischtennis.de\/wp\/wp-content\/uploads\/2023\/09\/TTFerienspiele_28.07.2023_0173-Edit-2048x1365.jpg 2048w\" sizes=\"auto, (max-width: 300px) 100vw, 300px\" \/><\/a><figcaption id=\"caption-attachment-2041\" class=\"wp-caption-text\">Edward H\u00e4berle, TuS Hilter<\/figcaption><\/figure>\n<p><em>Donnerstag, 07.09.2023 18:15<\/em><br \/>\nKreisliga S\u00fcd Jugend U15<br \/>\n<strong>SF Oesede &#8211; TuS Hilter 0:10<\/strong><\/p>\n<p>Am Donnerstagabend, dem 7. September 2023, fand ein beeindruckendes Tischtennismatch in der Kreisliga Jungen 15 S\u00fcd des Tischtennis-Kreisverbands Osnabr\u00fcck-Land statt. Die tapferen Jungs vom TuS Hilter trafen auf SF Oesede und lieferten eine schier unschlagbare Performance ab.<\/p>\n<p>Die Doppel starteten das Match, und es war klar, dass TuS Hilter heute in Topform war. Jonas und Mattis Meyerrose von SF Oesede standen Richard Leuschner und Jan H\u00e4berle vom TuS Hilter gegen\u00fcber. Ein klares 3:0 sicherte den ersten Punkt f\u00fcr TuS Hilter.<\/p>\n<p>Im zweiten Doppel trafen Felix Niederau und Collin L\u00f6sch von SF Oesede auf Edward H\u00e4berle und Maximilian Koch von TuS Hilter. Auch hier dominierte TuS Hilter und holte sich mit einem weiteren 3:0-Sieg den zweiten Punkt.<\/p>\n<p>Die Einzelspiele waren nicht weniger beeindruckend. Jonas Meyerrose, Felix Niederau, Collin L\u00f6sch und Mattis Meyerrose von SF Oesede gaben ihr Bestes, aber die Spieler von TuS Hilter waren einfach nicht zu schlagen. Sie holten sich Sieg um Sieg und sicherten sich so den Gesamtsieg.<\/p>\n<figure id=\"attachment_2042\" aria-describedby=\"caption-attachment-2042\" style=\"width: 300px\" class=\"wp-caption alignleft\"><a href=\"http:\/\/www.tus-hilter-tischtennis.de\/wp\/wp-content\/uploads\/2023\/09\/TTFerienspiele_28.07.2023_0251-Edit.jpg\"><img loading=\"lazy\" decoding=\"async\" class=\"size-medium wp-image-2042\" src=\"http:\/\/www.tus-hilter-tischtennis.de\/wp\/wp-content\/uploads\/2023\/09\/TTFerienspiele_28.07.2023_0251-Edit-300x200.jpg\" alt=\"\" width=\"300\" height=\"200\" srcset=\"http:\/\/www.tus-hilter-tischtennis.de\/wp\/wp-content\/uploads\/2023\/09\/TTFerienspiele_28.07.2023_0251-Edit-300x200.jpg 300w, http:\/\/www.tus-hilter-tischtennis.de\/wp\/wp-content\/uploads\/2023\/09\/TTFerienspiele_28.07.2023_0251-Edit-1024x683.jpg 1024w, http:\/\/www.tus-hilter-tischtennis.de\/wp\/wp-content\/uploads\/2023\/09\/TTFerienspiele_28.07.2023_0251-Edit-768x512.jpg 768w, http:\/\/www.tus-hilter-tischtennis.de\/wp\/wp-content\/uploads\/2023\/09\/TTFerienspiele_28.07.2023_0251-Edit-1536x1024.jpg 1536w, http:\/\/www.tus-hilter-tischtennis.de\/wp\/wp-content\/uploads\/2023\/09\/TTFerienspiele_28.07.2023_0251-Edit-2048x1365.jpg 2048w\" sizes=\"auto, (max-width: 300px) 100vw, 300px\" \/><\/a><figcaption id=\"caption-attachment-2042\" class=\"wp-caption-text\">Jan H\u00e4berle, TuS Hilter<\/figcaption><\/figure>\n<p>Nach einem \u00fcberzeugenden 10:0-Sieg f\u00fcr TuS Hilter war der Abend noch lange nicht vorbei. Die gl\u00fccklichen Sieger begaben sich mit ihrem Coach Constantin Fellh\u00f6lter zum McDonald&#8217;s, um ihren Triumph geb\u00fchrend zu feiern.<\/p>\n<p>Das Spiel begann um 18:15 Uhr und endete um 19:30 Uhr. TuS Hilter zeigte eine erstklassige Leistung und konnte ihren Sieg geb\u00fchrend zelebrieren.<\/p>\n","protected":false},"excerpt":{"rendered":"<p>Donnerstag, 07.09.2023 18:15 Kreisliga S\u00fcd Jugend U15 SF Oesede &#8211; TuS Hilter 0:10 Am Donnerstagabend, dem 7. September 2023, fand ein beeindruckendes Tischtennismatch in der Kreisliga Jungen 15 S\u00fcd des Tischtennis-Kreisverbands Osnabr\u00fcck-Land statt. Die tapferen Jungs vom TuS Hilter trafen auf SF Oesede und lieferten eine schier unschlagbare Performance ab. Die Doppel starteten das Match, [&hellip;]<\/p>\n","protected":false},"author":1,"featured_media":2041,"comment_status":"closed","ping_status":"closed","sticky":false,"template":"","format":"standard","meta":{"_exactmetrics_skip_tracking":false,"_exactmetrics_sitenote_active":false,"_exactmetrics_sitenote_note":"","_exactmetrics_sitenote_category":0,"_jetpack_memberships_contains_paid_content":false,"footnotes":"","jetpack_publicize_message":"","jetpack_publicize_feature_enabled":true,"jetpack_social_post_already_shared":true,"jetpack_social_options":{"image_generator_settings":{"template":"highway","default_image_id":0,"font":"","enabled":false},"version":2}},"categories":[12,4,1],"tags":[51],"class_list":["post-2040","post","type-post","status-publish","format-standard","has-post-thumbnail","hentry","category-1-schueler","category-mannschaft","category-news","tag-saison-2023-24"],"jetpack_publicize_connections":[],"jetpack_featured_media_url":"http:\/\/www.tus-hilter-tischtennis.de\/wp\/wp-content\/uploads\/2023\/09\/TTFerienspiele_28.07.2023_0173-Edit.jpg","jetpack_sharing_enabled":true,"_links":{"self":[{"href":"http:\/\/www.tus-hilter-tischtennis.de\/wp\/index.php?rest_route=\/wp\/v2\/posts\/2040","targetHints":{"allow":["GET"]}}],"collection":[{"href":"http:\/\/www.tus-hilter-tischtennis.de\/wp\/index.php?rest_route=\/wp\/v2\/posts"}],"about":[{"href":"http:\/\/www.tus-hilter-tischtennis.de\/wp\/index.php?rest_route=\/wp\/v2\/types\/post"}],"author":[{"embeddable":true,"href":"http:\/\/www.tus-hilter-tischtennis.de\/wp\/index.php?rest_route=\/wp\/v2\/users\/1"}],"replies":[{"embeddable":true,"href":"http:\/\/www.tus-hilter-tischtennis.de\/wp\/index.php?rest_route=%2Fwp%2Fv2%2Fcomments&post=2040"}],"version-history":[{"count":1,"href":"http:\/\/www.tus-hilter-tischtennis.de\/wp\/index.php?rest_route=\/wp\/v2\/posts\/2040\/revisions"}],"predecessor-version":[{"id":2043,"href":"http:\/\/www.tus-hilter-tischtennis.de\/wp\/index.php?rest_route=\/wp\/v2\/posts\/2040\/revisions\/2043"}],"wp:featuredmedia":[{"embeddable":true,"href":"http:\/\/www.tus-hilter-tischtennis.de\/wp\/index.php?rest_route=\/wp\/v2\/media\/2041"}],"wp:attachment":[{"href":"http:\/\/www.tus-hilter-tischtennis.de\/wp\/index.php?rest_route=%2Fwp%2Fv2%2Fmedia&parent=2040"}],"wp:term":[{"taxonomy":"category","embeddable":true,"href":"http:\/\/www.tus-hilter-tischtennis.de\/wp\/index.php?rest_route=%2Fwp%2Fv2%2Fcategories&post=2040"},{"taxonomy":"post_tag","embeddable":true,"href":"http:\/\/www.tus-hilter-tischtennis.de\/wp\/index.php?rest_route=%2Fwp%2Fv2%2Ftags&post=2040"}],"curies":[{"name":"wp","href":"https:\/\/api.w.org\/{rel}","templated":true}]}}